{"id":1077,"date":"2016-02-22T13:06:06","date_gmt":"2016-02-22T13:06:06","guid":{"rendered":"http:\/\/www.info.valladolid.es\/blog\/?p=1077"},"modified":"2019-02-12T13:18:21","modified_gmt":"2019-02-12T13:18:21","slug":"edward-burtynscky-agua-shock-arte-y-protesta-en-valladolid","status":"publish","type":"post","link":"https:\/\/www.info.valladolid.es\/blog\/edward-burtynscky-agua-shock-arte-y-protesta-en-valladolid\/","title":{"rendered":"\u00abEdward Burtynscky. Agua Shock\u00bb: Arte y protesta en Valladolid"},"content":{"rendered":"<p><em>\u00abAl tratar de dar cabida a las crecientes necesidades de una civilizaci\u00f3n sedienta y en expansi\u00f3n, estamos remodelando la Tierra en formas colosales. En este nuevo y poderoso papel sobre el planeta, tambi\u00e9n somos capaces de utilizar la ingenier\u00eda para nuestra propia desaparici\u00f3n. Tenemos que aprender a pensar m\u00e1s a largo plazo sobre las consecuencias de lo que estamos haciendo, mientras lo estamos haciendo &#8230;\u00bb\u00a0<\/em>afirmaba <strong>Edward Burtynscky<\/strong>.<\/p>\n<p>En su exposici\u00f3n <a href=\"http:\/\/www.info.valladolid.es\/enlaceev?idArticulo=313752&amp;docDescarga=NoHayDocDetalle&amp;idLugar=95&amp;migas=264652&amp;evRelac=cultura&amp;dirMaps=Calle%20de%20San%20Benito%20,47003%20Valladolid%20Espana\" target=\"_blank\" rel=\"noopener\"><strong>Agua Shock<\/strong><\/a>, presente\u00a0por primera vez en Espa\u00f1a en la <a href=\"http:\/\/www.info.valladolid.es\/donde-ir\/salas-de-exposiciones\/sala-de-san-benito\" target=\"_blank\" rel=\"noopener\">Sala Municipal de Exposiciones de San Benito<\/a>, sus obras atraen por el color, por las formas\u2026 Pero tambi\u00e9n por lo que expresan, pues en ellas se esconde una\u00a0protesta\u00a0por el medioambiente.<\/p>\n<p><a href=\"http:\/\/www.info.valladolid.es\/blog\/wp-content\/uploads\/2016\/02\/zsfdaf.png\"><img loading=\"lazy\" decoding=\"async\" class=\"aligncenter wp-image-1082 size-full\" src=\"http:\/\/www.info.valladolid.es\/blog\/wp-content\/uploads\/2016\/02\/zsfdaf.png\" alt=\"Agua Shock\" width=\"455\" height=\"342\" \/><\/a><\/p>\n<p>El fot\u00f3grafo canadiense Edward Burtynsky es uno de los m\u00e1s apreciados, pues sus fotograf\u00edas paisaj\u00edsticas forman parte de las colecciones de <strong>m\u00e1s de 50 museos del mundo<\/strong>, como el Museo de Arte Moderno y el Museo Guggenheim de Nueva York, la Biblioteca Nacional de Francia en Par\u00eds o el National Gallery de Canad\u00e1. Sus obras exploran la compleja <strong>relaci\u00f3n entre la industria y la naturaleza<\/strong>, transformando elementos como minas, cuevas, industrias, barcos o estaciones petrol\u00edferas en visiones muy expresivas que transmiten una <strong>belleza desconocida<\/strong>.<\/p>\n<p><span style=\"text-decoration: underline;\"><strong>Ser humano y\u00a0agua. Arte y protesta<\/strong><\/span><\/p>\n<p>Agua Shock pone en el punto de mira la <strong>relaci\u00f3n entre la humanidad y el agua,\u00a0<\/strong>el l\u00edquido m\u00e1s preciado, fuente primaria de vida, parte esencial de nuestro cuerpo, planeta y modo de vida. Edward Burtynsky recorri\u00f3 los <strong>cinco continentes<\/strong> entre 2009 y 2014, desde el Golfo de M\u00e9xico a las orillas de Ganges, para representar el ciclo de la vida del agua. Para ello sigui\u00f3 el curso de los r\u00edos y estudi\u00f3 los mares, describi\u00f3 los diferentes usos del agua y nunca se conform\u00f3 con llegar s\u00f3lo a la parte superficial. Las <strong>instant\u00e1neas a\u00e9reas<\/strong>, desde helic\u00f3pteros y <em>drones<\/em>, son caracter\u00edsticas del artista canadiense, pues consiguen asombrar al p\u00fablico a trav\u00e9s de la dificultad de la escala visual y la abstracci\u00f3n de los sujetos.<\/p>\n<p><a href=\"http:\/\/www.info.valladolid.es\/blog\/wp-content\/uploads\/2016\/02\/ewfgtrhn.png\"><img loading=\"lazy\" decoding=\"async\" class=\"alignleft wp-image-1083 size-medium\" src=\"http:\/\/www.info.valladolid.es\/blog\/wp-content\/uploads\/2016\/02\/ewfgtrhn-300x230.png\" alt=\"Agua Shock\" width=\"300\" height=\"230\" srcset=\"https:\/\/www.info.valladolid.es\/blog\/wp-content\/uploads\/2016\/02\/ewfgtrhn-300x230.png 300w, https:\/\/www.info.valladolid.es\/blog\/wp-content\/uploads\/2016\/02\/ewfgtrhn.png 436w\" sizes=\"auto, (max-width: 300px) 100vw, 300px\" \/><\/a>El an\u00e1lisis comienza con un estudio del <strong>impacto del progreso humano sobre el planeta Tierra<\/strong> y contin\u00faa con la investigaci\u00f3n de <strong>lugares paradigm\u00e1ticos<\/strong>, lo que conforma una muestra con im\u00e1genes que recogen la multiplicidad y la transforman en una belleza que no deja indiferente a nadie. Es el resultado de un an\u00e1lisis profundo y de la incre\u00edble capacidad de s\u00edntesis del fot\u00f3grafo, que proporcionan al p\u00fablico gran\u00a0fascinaci\u00f3n pero tambi\u00e9n una toma de conciencia de las consecuencias de las acciones del hombre en el planeta.<\/p>\n<p>As\u00ed, la opini\u00f3n p\u00fablica se sensibiliza ante la tem\u00e1tica ambiental a trav\u00e9s de los paisajes infinitos que muestra Edward Burtynsky. El fot\u00f3grafo lanza un mensaje a trav\u00e9s de su arte para que la poblaci\u00f3n se implique con la\u00a0 Tierra ya que, como \u00e9l mismo afirma,\u00a0<em>\u201clo que damos al futuro, son las elecciones que tomamos hoy\u201d<\/em>.<\/p>\n<p><span style=\"text-decoration: underline;\"><strong>Los usos del agua<\/strong><\/span><\/p>\n<p>Las im\u00e1genes de Burtynsky, todas ellas realizadas a color y con unas dimensiones que superan el metro de longitud, est\u00e1n repartidas en <strong>siete cap\u00edtulos<\/strong>: Golfo de M\u00e9xico,Devastaciones,Control, Agricultura, Acuicultura, Riberas y Fuentes.<\/p>\n<p><img loading=\"lazy\" decoding=\"async\" class=\"alignleft wp-image-1080 size-medium\" src=\"http:\/\/www.info.valladolid.es\/blog\/wp-content\/uploads\/2016\/02\/delta-del-colorado-300x224.png\" alt=\"Delta del Colorado\" width=\"300\" height=\"224\" srcset=\"https:\/\/www.info.valladolid.es\/blog\/wp-content\/uploads\/2016\/02\/delta-del-colorado-300x224.png 300w, https:\/\/www.info.valladolid.es\/blog\/wp-content\/uploads\/2016\/02\/delta-del-colorado.png 524w\" sizes=\"auto, (max-width: 300px) 100vw, 300px\" \/>La primera de ellas, el <strong>Golfo de M\u00e9xico<\/strong>, toma como punto de partida el desastre ambiental de Deepwater Horizon de 2010; en esta plataforma petrol\u00edfera se produjo un incendio que ocasion\u00f3 11 muertes y un vertido de petr\u00f3leo incontrolable. En <strong>Devastaciones<\/strong>\u00a0refleja las consecuencias de la intervenci\u00f3n ilimitada del ser humano en el medio natural. El testimonio de estos abusos lo proporcionan el delta del r\u00edo Colorado y las piscifactor\u00edas de gambas de Sonora (M\u00e9xico).<\/p>\n<p>El <strong>control del agua<\/strong> y sus consecuencias a nivel mundial, protagonistas en otro apartado de la exposici\u00f3n, se pueden apreciar en el sistema de esclusas que se emplea en Holanda o la construcci\u00f3n en China de la presa m\u00e1s grande del mundo.<\/p>\n<p>La <strong>agricultura<\/strong> tambi\u00e9n tiene unas consecuencias nefastas en el medio ambiente; un campo repleto de olivos en Ja\u00e9n, el trazado circular de un sistema de irrigaci\u00f3n en Texas, los Monegros de Arag\u00f3n\u2026son solo algunos de los ejemplos que retrata el fot\u00f3grafo. M\u00e1s adelante, en la secci\u00f3n de la <strong>acuicultura<\/strong>, Burtynsky recoge el estado en el que se encuentran los arrozales de China, los criaderos de anguilas de C\u00e1diz y las salinas de M\u00e9xico.<\/p>\n<p><a href=\"http:\/\/www.info.valladolid.es\/blog\/wp-content\/uploads\/2016\/02\/urb-florida.png\"><img loading=\"lazy\" decoding=\"async\" class=\"alignleft wp-image-1081 size-medium\" src=\"http:\/\/www.info.valladolid.es\/blog\/wp-content\/uploads\/2016\/02\/urb-florida-300x245.png\" alt=\"Urbanizaci\u00f3n Florida\" width=\"300\" height=\"245\" srcset=\"https:\/\/www.info.valladolid.es\/blog\/wp-content\/uploads\/2016\/02\/urb-florida-300x245.png 300w, https:\/\/www.info.valladolid.es\/blog\/wp-content\/uploads\/2016\/02\/urb-florida.png 420w\" sizes=\"auto, (max-width: 300px) 100vw, 300px\" \/><\/a>La huella del ser humano se esconde a lo largo de toda la muestra; sin embargo, es en <strong>Riberas<\/strong> donde hace su aparici\u00f3n ya sea en el Ganges, Florida o Benidorm. El \u00faltimo cap\u00edtulo se refiere a <strong>Las Fuentes<\/strong>, es decir, al origen del agua, con paisajes puros en diferentes lugares de Canad\u00e1 e Islandia, entre otros.<\/p>\n<p>A trav\u00e9s de esta metodolog\u00eda que propone Burtynsky, se analizan todos los aspectos relacionados con la mala gesti\u00f3n de los recursos acu\u00edferos y la sobreexplotaci\u00f3n industrial que produce estos desastres ecol\u00f3gicos. Sus obras son solo una peque\u00f1a muestra de las terribles\u00a0consecuencias de las acciones del ser humano.<\/p>\n<p>Puedes visitar\u00a0la muestra en la Sala de Exposiciones de San Benito hasta el 6 de marzo. El <strong>horario<\/strong> es de martes a domingo y festivos, de 12h a 14h y de 18.30h a 21.30h.<\/p>\n","protected":false},"excerpt":{"rendered":"<p>\u00abAl tratar de dar cabida a las crecientes necesidades de una civilizaci\u00f3n sedienta y en expansi\u00f3n, estamos remodelando la Tierra en formas colosales. En este nuevo y poderoso papel sobre el planeta, tambi\u00e9n somos capaces de utilizar la ingenier\u00eda para nuestra propia desaparici\u00f3n. Tenemos que aprender a pensar m\u00e1s a largo plazo sobre las consecuencias de lo que estamos haciendo, mientras lo estamos haciendo &#8230;\u00bb\u00a0afirmaba Edward Burtynscky. En su exposici\u00f3n Agua Shock, presente\u00a0por primera vez en Espa\u00f1a en la Sala Municipal de Exposiciones de San Benito, sus obras atraen por el color, por las formas\u2026 Pero tambi\u00e9n por lo que expresan, pues en ellas se esconde una\u00a0protesta\u00a0por el medioambiente. El fot\u00f3grafo canadiense Edward Burtynsky es uno de los m\u00e1s apreciados, pues sus fotograf\u00edas paisaj\u00edsticas forman parte de las colecciones de m\u00e1s de 50 museos del mundo, como el Museo de Arte Moderno y el Museo Guggenheim de Nueva York, la Biblioteca Nacional de Francia en Par\u00eds o el National Gallery de Canad\u00e1. Sus obras exploran la compleja relaci\u00f3n entre la industria y la naturaleza, transformando elementos como minas, cuevas, industrias, barcos o estaciones petrol\u00edferas en visiones muy expresivas que transmiten una belleza desconocida. Ser humano y\u00a0agua. Arte y protesta Agua [&hellip;]<\/p>\n","protected":false},"author":1,"featured_media":3088,"comment_status":"open","ping_status":"open","sticky":false,"template":"","format":"standard","meta":{"footnotes":""},"categories":[6],"tags":[],"class_list":["post-1077","post","type-post","status-publish","format-standard","has-post-thumbnail","hentry","category-arte-y-museos"],"yoast_head":"<!-- This site is optimized with the Yoast SEO plugin v27.4 - https:\/\/yoast.com\/product\/yoast-seo-wordpress\/ -->\n<title>&quot;Edward Burtynscky. Agua Shock&quot;: Arte y protesta en Valladolid - Blog Cultura y Turismo<\/title>\n<meta name=\"robots\" content=\"index, follow, max-snippet:-1, max-image-preview:large, max-video-preview:-1\" \/>\n<link rel=\"canonical\" href=\"https:\/\/www.info.valladolid.es\/blog\/edward-burtynscky-agua-shock-arte-y-protesta-en-valladolid\/\" \/>\n<meta property=\"og:locale\" content=\"es_ES\" \/>\n<meta property=\"og:type\" content=\"article\" \/>\n<meta property=\"og:title\" content=\"&quot;Edward Burtynscky. Agua Shock&quot;: Arte y protesta en Valladolid - Blog Cultura y Turismo\" \/>\n<meta property=\"og:description\" content=\"\u00abAl tratar de dar cabida a las crecientes necesidades de una civilizaci\u00f3n sedienta y en expansi\u00f3n, estamos remodelando la Tierra en formas colosales. En este nuevo y poderoso papel sobre el planeta, tambi\u00e9n somos capaces de utilizar la ingenier\u00eda para nuestra propia desaparici\u00f3n. Tenemos que aprender a pensar m\u00e1s a largo plazo sobre las consecuencias de lo que estamos haciendo, mientras lo estamos haciendo &#8230;\u00bb\u00a0afirmaba Edward Burtynscky. En su exposici\u00f3n Agua Shock, presente\u00a0por primera vez en Espa\u00f1a en la Sala Municipal de Exposiciones de San Benito, sus obras atraen por el color, por las formas\u2026 Pero tambi\u00e9n por lo que expresan, pues en ellas se esconde una\u00a0protesta\u00a0por el medioambiente. El fot\u00f3grafo canadiense Edward Burtynsky es uno de los m\u00e1s apreciados, pues sus fotograf\u00edas paisaj\u00edsticas forman parte de las colecciones de m\u00e1s de 50 museos del mundo, como el Museo de Arte Moderno y el Museo Guggenheim de Nueva York, la Biblioteca Nacional de Francia en Par\u00eds o el National Gallery de Canad\u00e1. Sus obras exploran la compleja relaci\u00f3n entre la industria y la naturaleza, transformando elementos como minas, cuevas, industrias, barcos o estaciones petrol\u00edferas en visiones muy expresivas que transmiten una belleza desconocida. Ser humano y\u00a0agua. Arte y protesta Agua [&hellip;]\" \/>\n<meta property=\"og:url\" content=\"https:\/\/www.info.valladolid.es\/blog\/edward-burtynscky-agua-shock-arte-y-protesta-en-valladolid\/\" \/>\n<meta property=\"og:site_name\" content=\"Blog Cultura y Turismo\" \/>\n<meta property=\"article:published_time\" content=\"2016-02-22T13:06:06+00:00\" \/>\n<meta property=\"article:modified_time\" content=\"2019-02-12T13:18:21+00:00\" \/>\n<meta property=\"og:image\" content=\"https:\/\/www.info.valladolid.es\/blog\/wp-content\/uploads\/2016\/02\/agua.jpg\" \/>\n\t<meta property=\"og:image:width\" content=\"520\" \/>\n\t<meta property=\"og:image:height\" content=\"400\" \/>\n\t<meta property=\"og:image:type\" content=\"image\/jpeg\" \/>\n<meta name=\"author\" content=\"administrador\" \/>\n<meta name=\"twitter:card\" content=\"summary_large_image\" \/>\n<meta name=\"twitter:label1\" content=\"Escrito por\" \/>\n\t<meta name=\"twitter:data1\" content=\"administrador\" \/>\n\t<meta name=\"twitter:label2\" content=\"Tiempo de lectura\" \/>\n\t<meta name=\"twitter:data2\" content=\"5 minutos\" \/>\n<script type=\"application\/ld+json\" class=\"yoast-schema-graph\">{\"@context\":\"https:\\\/\\\/schema.org\",\"@graph\":[{\"@type\":\"Article\",\"@id\":\"https:\\\/\\\/www.info.valladolid.es\\\/blog\\\/edward-burtynscky-agua-shock-arte-y-protesta-en-valladolid\\\/#article\",\"isPartOf\":{\"@id\":\"https:\\\/\\\/www.info.valladolid.es\\\/blog\\\/edward-burtynscky-agua-shock-arte-y-protesta-en-valladolid\\\/\"},\"author\":{\"name\":\"administrador\",\"@id\":\"https:\\\/\\\/www.info.valladolid.es\\\/blog\\\/#\\\/schema\\\/person\\\/845cac97e6156a5a9c5abd68b7b9a5d5\"},\"headline\":\"\u00abEdward Burtynscky. Agua Shock\u00bb: Arte y protesta en Valladolid\",\"datePublished\":\"2016-02-22T13:06:06+00:00\",\"dateModified\":\"2019-02-12T13:18:21+00:00\",\"mainEntityOfPage\":{\"@id\":\"https:\\\/\\\/www.info.valladolid.es\\\/blog\\\/edward-burtynscky-agua-shock-arte-y-protesta-en-valladolid\\\/\"},\"wordCount\":921,\"commentCount\":0,\"image\":{\"@id\":\"https:\\\/\\\/www.info.valladolid.es\\\/blog\\\/edward-burtynscky-agua-shock-arte-y-protesta-en-valladolid\\\/#primaryimage\"},\"thumbnailUrl\":\"https:\\\/\\\/www.info.valladolid.es\\\/blog\\\/wp-content\\\/uploads\\\/2016\\\/02\\\/agua.jpg\",\"articleSection\":[\"Arte y Museos\"],\"inLanguage\":\"es\",\"potentialAction\":[{\"@type\":\"CommentAction\",\"name\":\"Comment\",\"target\":[\"https:\\\/\\\/www.info.valladolid.es\\\/blog\\\/edward-burtynscky-agua-shock-arte-y-protesta-en-valladolid\\\/#respond\"]}]},{\"@type\":\"WebPage\",\"@id\":\"https:\\\/\\\/www.info.valladolid.es\\\/blog\\\/edward-burtynscky-agua-shock-arte-y-protesta-en-valladolid\\\/\",\"url\":\"https:\\\/\\\/www.info.valladolid.es\\\/blog\\\/edward-burtynscky-agua-shock-arte-y-protesta-en-valladolid\\\/\",\"name\":\"\\\"Edward Burtynscky. Agua Shock\\\": Arte y protesta en Valladolid - Blog Cultura y Turismo\",\"isPartOf\":{\"@id\":\"https:\\\/\\\/www.info.valladolid.es\\\/blog\\\/#website\"},\"primaryImageOfPage\":{\"@id\":\"https:\\\/\\\/www.info.valladolid.es\\\/blog\\\/edward-burtynscky-agua-shock-arte-y-protesta-en-valladolid\\\/#primaryimage\"},\"image\":{\"@id\":\"https:\\\/\\\/www.info.valladolid.es\\\/blog\\\/edward-burtynscky-agua-shock-arte-y-protesta-en-valladolid\\\/#primaryimage\"},\"thumbnailUrl\":\"https:\\\/\\\/www.info.valladolid.es\\\/blog\\\/wp-content\\\/uploads\\\/2016\\\/02\\\/agua.jpg\",\"datePublished\":\"2016-02-22T13:06:06+00:00\",\"dateModified\":\"2019-02-12T13:18:21+00:00\",\"author\":{\"@id\":\"https:\\\/\\\/www.info.valladolid.es\\\/blog\\\/#\\\/schema\\\/person\\\/845cac97e6156a5a9c5abd68b7b9a5d5\"},\"breadcrumb\":{\"@id\":\"https:\\\/\\\/www.info.valladolid.es\\\/blog\\\/edward-burtynscky-agua-shock-arte-y-protesta-en-valladolid\\\/#breadcrumb\"},\"inLanguage\":\"es\",\"potentialAction\":[{\"@type\":\"ReadAction\",\"target\":[\"https:\\\/\\\/www.info.valladolid.es\\\/blog\\\/edward-burtynscky-agua-shock-arte-y-protesta-en-valladolid\\\/\"]}]},{\"@type\":\"ImageObject\",\"inLanguage\":\"es\",\"@id\":\"https:\\\/\\\/www.info.valladolid.es\\\/blog\\\/edward-burtynscky-agua-shock-arte-y-protesta-en-valladolid\\\/#primaryimage\",\"url\":\"https:\\\/\\\/www.info.valladolid.es\\\/blog\\\/wp-content\\\/uploads\\\/2016\\\/02\\\/agua.jpg\",\"contentUrl\":\"https:\\\/\\\/www.info.valladolid.es\\\/blog\\\/wp-content\\\/uploads\\\/2016\\\/02\\\/agua.jpg\",\"width\":520,\"height\":400},{\"@type\":\"BreadcrumbList\",\"@id\":\"https:\\\/\\\/www.info.valladolid.es\\\/blog\\\/edward-burtynscky-agua-shock-arte-y-protesta-en-valladolid\\\/#breadcrumb\",\"itemListElement\":[{\"@type\":\"ListItem\",\"position\":1,\"name\":\"Home\",\"item\":\"https:\\\/\\\/www.info.valladolid.es\\\/blog\\\/\"},{\"@type\":\"ListItem\",\"position\":2,\"name\":\"\u00abEdward Burtynscky. Agua Shock\u00bb: Arte y protesta en Valladolid\"}]},{\"@type\":\"WebSite\",\"@id\":\"https:\\\/\\\/www.info.valladolid.es\\\/blog\\\/#website\",\"url\":\"https:\\\/\\\/www.info.valladolid.es\\\/blog\\\/\",\"name\":\"Blog Cultura y Turismo\",\"description\":\"\",\"potentialAction\":[{\"@type\":\"SearchAction\",\"target\":{\"@type\":\"EntryPoint\",\"urlTemplate\":\"https:\\\/\\\/www.info.valladolid.es\\\/blog\\\/?s={search_term_string}\"},\"query-input\":{\"@type\":\"PropertyValueSpecification\",\"valueRequired\":true,\"valueName\":\"search_term_string\"}}],\"inLanguage\":\"es\"},{\"@type\":\"Person\",\"@id\":\"https:\\\/\\\/www.info.valladolid.es\\\/blog\\\/#\\\/schema\\\/person\\\/845cac97e6156a5a9c5abd68b7b9a5d5\",\"name\":\"administrador\",\"image\":{\"@type\":\"ImageObject\",\"inLanguage\":\"es\",\"@id\":\"https:\\\/\\\/secure.gravatar.com\\\/avatar\\\/418161d2f95196597e2d305bd301c850afab7f4b284a344fb2d759f048b71c61?s=96&d=mm&r=g\",\"url\":\"https:\\\/\\\/secure.gravatar.com\\\/avatar\\\/418161d2f95196597e2d305bd301c850afab7f4b284a344fb2d759f048b71c61?s=96&d=mm&r=g\",\"contentUrl\":\"https:\\\/\\\/secure.gravatar.com\\\/avatar\\\/418161d2f95196597e2d305bd301c850afab7f4b284a344fb2d759f048b71c61?s=96&d=mm&r=g\",\"caption\":\"administrador\"},\"url\":\"https:\\\/\\\/www.info.valladolid.es\\\/blog\\\/author\\\/administrador\\\/\"}]}<\/script>\n<!-- \/ Yoast SEO plugin. -->","yoast_head_json":{"title":"\"Edward Burtynscky. Agua Shock\": Arte y protesta en Valladolid - Blog Cultura y Turismo","robots":{"index":"index","follow":"follow","max-snippet":"max-snippet:-1","max-image-preview":"max-image-preview:large","max-video-preview":"max-video-preview:-1"},"canonical":"https:\/\/www.info.valladolid.es\/blog\/edward-burtynscky-agua-shock-arte-y-protesta-en-valladolid\/","og_locale":"es_ES","og_type":"article","og_title":"\"Edward Burtynscky. Agua Shock\": Arte y protesta en Valladolid - Blog Cultura y Turismo","og_description":"\u00abAl tratar de dar cabida a las crecientes necesidades de una civilizaci\u00f3n sedienta y en expansi\u00f3n, estamos remodelando la Tierra en formas colosales. En este nuevo y poderoso papel sobre el planeta, tambi\u00e9n somos capaces de utilizar la ingenier\u00eda para nuestra propia desaparici\u00f3n. Tenemos que aprender a pensar m\u00e1s a largo plazo sobre las consecuencias de lo que estamos haciendo, mientras lo estamos haciendo &#8230;\u00bb\u00a0afirmaba Edward Burtynscky. En su exposici\u00f3n Agua Shock, presente\u00a0por primera vez en Espa\u00f1a en la Sala Municipal de Exposiciones de San Benito, sus obras atraen por el color, por las formas\u2026 Pero tambi\u00e9n por lo que expresan, pues en ellas se esconde una\u00a0protesta\u00a0por el medioambiente. El fot\u00f3grafo canadiense Edward Burtynsky es uno de los m\u00e1s apreciados, pues sus fotograf\u00edas paisaj\u00edsticas forman parte de las colecciones de m\u00e1s de 50 museos del mundo, como el Museo de Arte Moderno y el Museo Guggenheim de Nueva York, la Biblioteca Nacional de Francia en Par\u00eds o el National Gallery de Canad\u00e1. Sus obras exploran la compleja relaci\u00f3n entre la industria y la naturaleza, transformando elementos como minas, cuevas, industrias, barcos o estaciones petrol\u00edferas en visiones muy expresivas que transmiten una belleza desconocida. Ser humano y\u00a0agua. Arte y protesta Agua [&hellip;]","og_url":"https:\/\/www.info.valladolid.es\/blog\/edward-burtynscky-agua-shock-arte-y-protesta-en-valladolid\/","og_site_name":"Blog Cultura y Turismo","article_published_time":"2016-02-22T13:06:06+00:00","article_modified_time":"2019-02-12T13:18:21+00:00","og_image":[{"width":520,"height":400,"url":"https:\/\/www.info.valladolid.es\/blog\/wp-content\/uploads\/2016\/02\/agua.jpg","type":"image\/jpeg"}],"author":"administrador","twitter_card":"summary_large_image","twitter_misc":{"Escrito por":"administrador","Tiempo de lectura":"5 minutos"},"schema":{"@context":"https:\/\/schema.org","@graph":[{"@type":"Article","@id":"https:\/\/www.info.valladolid.es\/blog\/edward-burtynscky-agua-shock-arte-y-protesta-en-valladolid\/#article","isPartOf":{"@id":"https:\/\/www.info.valladolid.es\/blog\/edward-burtynscky-agua-shock-arte-y-protesta-en-valladolid\/"},"author":{"name":"administrador","@id":"https:\/\/www.info.valladolid.es\/blog\/#\/schema\/person\/845cac97e6156a5a9c5abd68b7b9a5d5"},"headline":"\u00abEdward Burtynscky. Agua Shock\u00bb: Arte y protesta en Valladolid","datePublished":"2016-02-22T13:06:06+00:00","dateModified":"2019-02-12T13:18:21+00:00","mainEntityOfPage":{"@id":"https:\/\/www.info.valladolid.es\/blog\/edward-burtynscky-agua-shock-arte-y-protesta-en-valladolid\/"},"wordCount":921,"commentCount":0,"image":{"@id":"https:\/\/www.info.valladolid.es\/blog\/edward-burtynscky-agua-shock-arte-y-protesta-en-valladolid\/#primaryimage"},"thumbnailUrl":"https:\/\/www.info.valladolid.es\/blog\/wp-content\/uploads\/2016\/02\/agua.jpg","articleSection":["Arte y Museos"],"inLanguage":"es","potentialAction":[{"@type":"CommentAction","name":"Comment","target":["https:\/\/www.info.valladolid.es\/blog\/edward-burtynscky-agua-shock-arte-y-protesta-en-valladolid\/#respond"]}]},{"@type":"WebPage","@id":"https:\/\/www.info.valladolid.es\/blog\/edward-burtynscky-agua-shock-arte-y-protesta-en-valladolid\/","url":"https:\/\/www.info.valladolid.es\/blog\/edward-burtynscky-agua-shock-arte-y-protesta-en-valladolid\/","name":"\"Edward Burtynscky. Agua Shock\": Arte y protesta en Valladolid - Blog Cultura y Turismo","isPartOf":{"@id":"https:\/\/www.info.valladolid.es\/blog\/#website"},"primaryImageOfPage":{"@id":"https:\/\/www.info.valladolid.es\/blog\/edward-burtynscky-agua-shock-arte-y-protesta-en-valladolid\/#primaryimage"},"image":{"@id":"https:\/\/www.info.valladolid.es\/blog\/edward-burtynscky-agua-shock-arte-y-protesta-en-valladolid\/#primaryimage"},"thumbnailUrl":"https:\/\/www.info.valladolid.es\/blog\/wp-content\/uploads\/2016\/02\/agua.jpg","datePublished":"2016-02-22T13:06:06+00:00","dateModified":"2019-02-12T13:18:21+00:00","author":{"@id":"https:\/\/www.info.valladolid.es\/blog\/#\/schema\/person\/845cac97e6156a5a9c5abd68b7b9a5d5"},"breadcrumb":{"@id":"https:\/\/www.info.valladolid.es\/blog\/edward-burtynscky-agua-shock-arte-y-protesta-en-valladolid\/#breadcrumb"},"inLanguage":"es","potentialAction":[{"@type":"ReadAction","target":["https:\/\/www.info.valladolid.es\/blog\/edward-burtynscky-agua-shock-arte-y-protesta-en-valladolid\/"]}]},{"@type":"ImageObject","inLanguage":"es","@id":"https:\/\/www.info.valladolid.es\/blog\/edward-burtynscky-agua-shock-arte-y-protesta-en-valladolid\/#primaryimage","url":"https:\/\/www.info.valladolid.es\/blog\/wp-content\/uploads\/2016\/02\/agua.jpg","contentUrl":"https:\/\/www.info.valladolid.es\/blog\/wp-content\/uploads\/2016\/02\/agua.jpg","width":520,"height":400},{"@type":"BreadcrumbList","@id":"https:\/\/www.info.valladolid.es\/blog\/edward-burtynscky-agua-shock-arte-y-protesta-en-valladolid\/#breadcrumb","itemListElement":[{"@type":"ListItem","position":1,"name":"Home","item":"https:\/\/www.info.valladolid.es\/blog\/"},{"@type":"ListItem","position":2,"name":"\u00abEdward Burtynscky. Agua Shock\u00bb: Arte y protesta en Valladolid"}]},{"@type":"WebSite","@id":"https:\/\/www.info.valladolid.es\/blog\/#website","url":"https:\/\/www.info.valladolid.es\/blog\/","name":"Blog Cultura y Turismo","description":"","potentialAction":[{"@type":"SearchAction","target":{"@type":"EntryPoint","urlTemplate":"https:\/\/www.info.valladolid.es\/blog\/?s={search_term_string}"},"query-input":{"@type":"PropertyValueSpecification","valueRequired":true,"valueName":"search_term_string"}}],"inLanguage":"es"},{"@type":"Person","@id":"https:\/\/www.info.valladolid.es\/blog\/#\/schema\/person\/845cac97e6156a5a9c5abd68b7b9a5d5","name":"administrador","image":{"@type":"ImageObject","inLanguage":"es","@id":"https:\/\/secure.gravatar.com\/avatar\/418161d2f95196597e2d305bd301c850afab7f4b284a344fb2d759f048b71c61?s=96&d=mm&r=g","url":"https:\/\/secure.gravatar.com\/avatar\/418161d2f95196597e2d305bd301c850afab7f4b284a344fb2d759f048b71c61?s=96&d=mm&r=g","contentUrl":"https:\/\/secure.gravatar.com\/avatar\/418161d2f95196597e2d305bd301c850afab7f4b284a344fb2d759f048b71c61?s=96&d=mm&r=g","caption":"administrador"},"url":"https:\/\/www.info.valladolid.es\/blog\/author\/administrador\/"}]}},"_links":{"self":[{"href":"https:\/\/www.info.valladolid.es\/blog\/wp-json\/wp\/v2\/posts\/1077","targetHints":{"allow":["GET"]}}],"collection":[{"href":"https:\/\/www.info.valladolid.es\/blog\/wp-json\/wp\/v2\/posts"}],"about":[{"href":"https:\/\/www.info.valladolid.es\/blog\/wp-json\/wp\/v2\/types\/post"}],"author":[{"embeddable":true,"href":"https:\/\/www.info.valladolid.es\/blog\/wp-json\/wp\/v2\/users\/1"}],"replies":[{"embeddable":true,"href":"https:\/\/www.info.valladolid.es\/blog\/wp-json\/wp\/v2\/comments?post=1077"}],"version-history":[{"count":8,"href":"https:\/\/www.info.valladolid.es\/blog\/wp-json\/wp\/v2\/posts\/1077\/revisions"}],"predecessor-version":[{"id":3089,"href":"https:\/\/www.info.valladolid.es\/blog\/wp-json\/wp\/v2\/posts\/1077\/revisions\/3089"}],"wp:featuredmedia":[{"embeddable":true,"href":"https:\/\/www.info.valladolid.es\/blog\/wp-json\/wp\/v2\/media\/3088"}],"wp:attachment":[{"href":"https:\/\/www.info.valladolid.es\/blog\/wp-json\/wp\/v2\/media?parent=1077"}],"wp:term":[{"taxonomy":"category","embeddable":true,"href":"https:\/\/www.info.valladolid.es\/blog\/wp-json\/wp\/v2\/categories?post=1077"},{"taxonomy":"post_tag","embeddable":true,"href":"https:\/\/www.info.valladolid.es\/blog\/wp-json\/wp\/v2\/tags?post=1077"}],"curies":[{"name":"wp","href":"https:\/\/api.w.org\/{rel}","templated":true}]}}