{"id":105,"date":"2014-03-13T17:06:14","date_gmt":"2014-03-13T17:06:14","guid":{"rendered":"http:\/\/www.info.valladolid.es\/blog\/?p=105"},"modified":"2014-03-13T17:06:45","modified_gmt":"2014-03-13T17:06:45","slug":"la-firma-detras-de-tiempos-salvajes","status":"publish","type":"post","link":"https:\/\/www.info.valladolid.es\/blog\/la-firma-detras-de-tiempos-salvajes\/","title":{"rendered":"La firma detr\u00e1s de &#8216;Tiempos Salvajes&#8217;"},"content":{"rendered":"<p>Todas las colecciones de arte tienen un hilo conductor. En el caso de la colecci\u00f3n <strong>&#8216;Tiempos salvajes&#8217;<\/strong>, el moldeado tiene como l\u00edneas maestras la uni\u00f3n, el amparo de la expresi\u00f3n personal, y, sobre todo, la defensa de todo tipo de manifestaci\u00f3n art\u00edstica.<\/p>\n<div id=\"attachment_107\" style=\"width: 310px\" class=\"wp-caption alignleft\"><a href=\"http:\/\/www.info.valladolid.es\/blog\/wp-content\/uploads\/2014\/03\/tiempos-salvajes1.jpg\"><img loading=\"lazy\" decoding=\"async\" aria-describedby=\"caption-attachment-107\" class=\"size-medium wp-image-107\" alt=\"Fotograf\u00eda de Juan Carlos Gonz\u00e1lez\" src=\"http:\/\/www.info.valladolid.es\/blog\/wp-content\/uploads\/2014\/03\/tiempos-salvajes1-300x219.jpg\" width=\"300\" height=\"219\" srcset=\"https:\/\/www.info.valladolid.es\/blog\/wp-content\/uploads\/2014\/03\/tiempos-salvajes1-300x219.jpg 300w, https:\/\/www.info.valladolid.es\/blog\/wp-content\/uploads\/2014\/03\/tiempos-salvajes1.jpg 960w\" sizes=\"auto, (max-width: 300px) 100vw, 300px\" \/><\/a><p id=\"caption-attachment-107\" class=\"wp-caption-text\">Fotograf\u00eda de Juan Carlos Gonz\u00e1lez<\/p><\/div>\n<p>La historia de &#8216;Tiempos salvajes&#8217;, exposici\u00f3n que acoge <strong>el Centro C\u00edvico Rondilla hasta el d\u00eda 15 de marzo<\/strong>, tiene su origen en los primeros d\u00edas del verano de 2013, cuando media docena de pintores comienzan a reunirse, cada semana, con modelos an\u00f3nimos para capturar posados en un ambiente que mezcla tantos tipos de t\u00e9cnicas y estilos como de conversaciones. Con la estaci\u00f3n del calor por excelencia pasan los d\u00edas, los locales que no terminan de cuajar con sus intereses y los artistas que s\u00ed lo hacen.<br \/>\n<strong>La cafeter\u00eda Esquilache<\/strong> se convierte en su centro de referencia, que cada mi\u00e9rcoles acoge a medio centenar de pintores. <strong>Ha nacido el grupo &#8216;Guardar Como&#8217;<\/strong>, un colectivo que decide admitir en su escenario de lienzos y pinceles todo tipo de disciplina art\u00edstica.<br \/>\nConsecuentes con su ideal multidisciplinario, comienzan a realizar sesiones po\u00e9ticas de forma mensual: son los llamados &#8216;Per-Versos&#8217;, en los que el p\u00fablico participa en rondas abiertas y asiste a presentaciones literarias.<\/p>\n<p>&nbsp;<\/p>\n<div id=\"attachment_109\" style=\"width: 310px\" class=\"wp-caption alignright\"><a href=\"http:\/\/www.info.valladolid.es\/blog\/wp-content\/uploads\/2014\/03\/tiempos-salvajes2.jpg\"><img loading=\"lazy\" decoding=\"async\" aria-describedby=\"caption-attachment-109\" class=\"size-medium wp-image-109\" alt=\"Fotograf\u00eda: Juan Carlos Gonz\u00e1lez\" src=\"http:\/\/www.info.valladolid.es\/blog\/wp-content\/uploads\/2014\/03\/tiempos-salvajes2-300x213.jpg\" width=\"300\" height=\"213\" srcset=\"https:\/\/www.info.valladolid.es\/blog\/wp-content\/uploads\/2014\/03\/tiempos-salvajes2-300x213.jpg 300w, https:\/\/www.info.valladolid.es\/blog\/wp-content\/uploads\/2014\/03\/tiempos-salvajes2.jpg 960w\" sizes=\"auto, (max-width: 300px) 100vw, 300px\" \/><\/a><p id=\"caption-attachment-109\" class=\"wp-caption-text\">Fotograf\u00eda: Juan Carlos Gonz\u00e1lez<\/p><\/div>\n<p>&#8216;Guardar Como&#8217; crece de la mano de otros colectivos de la capital como Valladolid Dibuja, Nos comen los Nipones, Birra y Borra o Susurros a pleno Pulm\u00f3n, a medida que participantes de estos colectivos reparten su tiempo con el grupo neonato. Conviven con artistas ya consagrados, con nuevos valores y con aficionados. El mosaico va tomando forma. Se plasma, por primera vez, en la obra colectiva a modo de <strong>mural para la sede de Feafes Valladolid<\/strong> con motivo del D\u00eda de la Salud Mental.<br \/>\nLa materializaci\u00f3n palpable del esfuerzo del grupo es un primer hito que despeja la senda que a\u00fan est\u00e1 sin caminar. Tras esta primera experiencia de creaci\u00f3n colectiva, comienza a gestarse &#8216;Tiempos salvajes&#8217;, una idea que baila en las conversaciones de las sesiones semanales de Guardar Como. Su compa\u00f1ero de baile, un deseo de retratar la dura situaci\u00f3n social que vive el pa\u00eds desde la \u00f3ptica de la esperanza y de la belleza est\u00e9tica. El resultado de la coreograf\u00eda es el montaje que ahora expone el colectivo en el Centro C\u00edvico de la Rondilla, un escenario que tuvieron en mente desde el primer momento por sus instalaciones espaciosas y el amable trato de su personal.<br \/>\nLa organizaci\u00f3n de la muestra est\u00e1 marcada por el fluir de la creatividad. Pensada para una veintena de obras, al final <strong>re\u00fane a cuarenta artistas<\/strong> que colaboran con pintura -\u00f3leo, acuarela, acr\u00edlico-, fotograf\u00eda, escultura, poes\u00eda&#8230;<br \/>\n<a href=\"http:\/\/www.info.valladolid.es\/blog\/wp-content\/uploads\/2014\/03\/tiempos-salvajes3.jpg\"><img loading=\"lazy\" decoding=\"async\" class=\" wp-image-111 alignleft\" alt=\"Fotograf\u00eda: Juan Carlos Gonz\u00e1lez\" src=\"http:\/\/www.info.valladolid.es\/blog\/wp-content\/uploads\/2014\/03\/tiempos-salvajes3-300x216.jpg\" width=\"300\" height=\"216\" srcset=\"https:\/\/www.info.valladolid.es\/blog\/wp-content\/uploads\/2014\/03\/tiempos-salvajes3-300x216.jpg 300w, https:\/\/www.info.valladolid.es\/blog\/wp-content\/uploads\/2014\/03\/tiempos-salvajes3.jpg 960w\" sizes=\"auto, (max-width: 300px) 100vw, 300px\" \/><\/a>Sobrepasar el aforo de piezas no es problema para el Centro C\u00edvico Rondilla, cuyo personal colabora con Guardar Como para adecuar las obras a la sala elegida.<br \/>\n&#8216;Tiempos Salvajes&#8217; fue <strong>inaugurada el pasado martes, 11 de marzo<\/strong>, con la presencia de m\u00e1s de medio centenar de personas. Entre los elogios y las observaciones sobre las obras expuestas, se mezclan palabras que sugieren que las inquietudes de Guardar Como no descansan nunca: se habla de llevar la muestra a Arroyo de la Encomienda, de repetir el proyecto &#8216;\u00cdntimo&#8217; en Pedrajas y de otras iniciativas que los artistas esperan poder ver pronto en otros centros c\u00edvicos y salas de la ciudad. Quiz\u00e1, al narrar la historia de una muestra futura, se pueda afirmar que comenz\u00f3 en la inauguraci\u00f3n de &#8216;Tiempos Salvajes&#8217;.<\/p>\n<p>&nbsp;<\/p>\n","protected":false},"excerpt":{"rendered":"<p>Todas las colecciones de arte tienen un hilo conductor. En el caso de la colecci\u00f3n &#8216;Tiempos salvajes&#8217;, el moldeado tiene como l\u00edneas maestras la uni\u00f3n, el amparo de la expresi\u00f3n personal, y, sobre todo, la defensa de todo tipo de manifestaci\u00f3n art\u00edstica. La historia de &#8216;Tiempos salvajes&#8217;, exposici\u00f3n que acoge el Centro C\u00edvico Rondilla hasta el d\u00eda 15 de marzo, tiene su origen en los primeros d\u00edas del verano de 2013, cuando media docena de pintores comienzan a reunirse, cada semana, con modelos an\u00f3nimos para capturar posados en un ambiente que mezcla tantos tipos de t\u00e9cnicas y estilos como de conversaciones. Con la estaci\u00f3n del calor por excelencia pasan los d\u00edas, los locales que no terminan de cuajar con sus intereses y los artistas que s\u00ed lo hacen. La cafeter\u00eda Esquilache se convierte en su centro de referencia, que cada mi\u00e9rcoles acoge a medio centenar de pintores. Ha nacido el grupo &#8216;Guardar Como&#8217;, un colectivo que decide admitir en su escenario de lienzos y pinceles todo tipo de disciplina art\u00edstica. Consecuentes con su ideal multidisciplinario, comienzan a realizar sesiones po\u00e9ticas de forma mensual: son los llamados &#8216;Per-Versos&#8217;, en los que el p\u00fablico participa en rondas abiertas y asiste a presentaciones [&hellip;]<\/p>\n","protected":false},"author":1,"featured_media":0,"comment_status":"open","ping_status":"open","sticky":false,"template":"","format":"standard","meta":{"footnotes":""},"categories":[6],"tags":[11],"class_list":["post-105","post","type-post","status-publish","format-standard","hentry","category-arte-y-museos","tag-exposiciones"],"yoast_head":"<!-- This site is optimized with the Yoast SEO plugin v27.4 - https:\/\/yoast.com\/product\/yoast-seo-wordpress\/ -->\n<title>La firma detr\u00e1s de &#039;Tiempos Salvajes&#039; - Blog Cultura y Turismo<\/title>\n<meta name=\"robots\" content=\"index, follow, max-snippet:-1, max-image-preview:large, max-video-preview:-1\" \/>\n<link rel=\"canonical\" href=\"https:\/\/www.info.valladolid.es\/blog\/la-firma-detras-de-tiempos-salvajes\/\" \/>\n<meta property=\"og:locale\" content=\"es_ES\" \/>\n<meta property=\"og:type\" content=\"article\" \/>\n<meta property=\"og:title\" content=\"La firma detr\u00e1s de &#039;Tiempos Salvajes&#039; - Blog Cultura y Turismo\" \/>\n<meta property=\"og:description\" content=\"Todas las colecciones de arte tienen un hilo conductor. En el caso de la colecci\u00f3n &#8216;Tiempos salvajes&#8217;, el moldeado tiene como l\u00edneas maestras la uni\u00f3n, el amparo de la expresi\u00f3n personal, y, sobre todo, la defensa de todo tipo de manifestaci\u00f3n art\u00edstica. La historia de &#8216;Tiempos salvajes&#8217;, exposici\u00f3n que acoge el Centro C\u00edvico Rondilla hasta el d\u00eda 15 de marzo, tiene su origen en los primeros d\u00edas del verano de 2013, cuando media docena de pintores comienzan a reunirse, cada semana, con modelos an\u00f3nimos para capturar posados en un ambiente que mezcla tantos tipos de t\u00e9cnicas y estilos como de conversaciones. Con la estaci\u00f3n del calor por excelencia pasan los d\u00edas, los locales que no terminan de cuajar con sus intereses y los artistas que s\u00ed lo hacen. La cafeter\u00eda Esquilache se convierte en su centro de referencia, que cada mi\u00e9rcoles acoge a medio centenar de pintores. Ha nacido el grupo &#8216;Guardar Como&#8217;, un colectivo que decide admitir en su escenario de lienzos y pinceles todo tipo de disciplina art\u00edstica. Consecuentes con su ideal multidisciplinario, comienzan a realizar sesiones po\u00e9ticas de forma mensual: son los llamados &#8216;Per-Versos&#8217;, en los que el p\u00fablico participa en rondas abiertas y asiste a presentaciones [&hellip;]\" \/>\n<meta property=\"og:url\" content=\"https:\/\/www.info.valladolid.es\/blog\/la-firma-detras-de-tiempos-salvajes\/\" \/>\n<meta property=\"og:site_name\" content=\"Blog Cultura y Turismo\" \/>\n<meta property=\"article:published_time\" content=\"2014-03-13T17:06:14+00:00\" \/>\n<meta property=\"article:modified_time\" content=\"2014-03-13T17:06:45+00:00\" \/>\n<meta property=\"og:image\" content=\"http:\/\/www.info.valladolid.es\/blog\/wp-content\/uploads\/2014\/03\/tiempos-salvajes1-300x219.jpg\" \/>\n<meta name=\"author\" content=\"administrador\" \/>\n<meta name=\"twitter:card\" content=\"summary_large_image\" \/>\n<meta name=\"twitter:label1\" content=\"Escrito por\" \/>\n\t<meta name=\"twitter:data1\" content=\"administrador\" \/>\n\t<meta name=\"twitter:label2\" content=\"Tiempo de lectura\" \/>\n\t<meta name=\"twitter:data2\" content=\"3 minutos\" \/>\n<script type=\"application\/ld+json\" class=\"yoast-schema-graph\">{\"@context\":\"https:\\\/\\\/schema.org\",\"@graph\":[{\"@type\":\"Article\",\"@id\":\"https:\\\/\\\/www.info.valladolid.es\\\/blog\\\/la-firma-detras-de-tiempos-salvajes\\\/#article\",\"isPartOf\":{\"@id\":\"https:\\\/\\\/www.info.valladolid.es\\\/blog\\\/la-firma-detras-de-tiempos-salvajes\\\/\"},\"author\":{\"name\":\"administrador\",\"@id\":\"https:\\\/\\\/www.info.valladolid.es\\\/blog\\\/#\\\/schema\\\/person\\\/845cac97e6156a5a9c5abd68b7b9a5d5\"},\"headline\":\"La firma detr\u00e1s de &#8216;Tiempos Salvajes&#8217;\",\"datePublished\":\"2014-03-13T17:06:14+00:00\",\"dateModified\":\"2014-03-13T17:06:45+00:00\",\"mainEntityOfPage\":{\"@id\":\"https:\\\/\\\/www.info.valladolid.es\\\/blog\\\/la-firma-detras-de-tiempos-salvajes\\\/\"},\"wordCount\":637,\"commentCount\":0,\"image\":{\"@id\":\"https:\\\/\\\/www.info.valladolid.es\\\/blog\\\/la-firma-detras-de-tiempos-salvajes\\\/#primaryimage\"},\"thumbnailUrl\":\"http:\\\/\\\/www.info.valladolid.es\\\/blog\\\/wp-content\\\/uploads\\\/2014\\\/03\\\/tiempos-salvajes1-300x219.jpg\",\"keywords\":[\"Exposiciones\"],\"articleSection\":[\"Arte y Museos\"],\"inLanguage\":\"es\",\"potentialAction\":[{\"@type\":\"CommentAction\",\"name\":\"Comment\",\"target\":[\"https:\\\/\\\/www.info.valladolid.es\\\/blog\\\/la-firma-detras-de-tiempos-salvajes\\\/#respond\"]}]},{\"@type\":\"WebPage\",\"@id\":\"https:\\\/\\\/www.info.valladolid.es\\\/blog\\\/la-firma-detras-de-tiempos-salvajes\\\/\",\"url\":\"https:\\\/\\\/www.info.valladolid.es\\\/blog\\\/la-firma-detras-de-tiempos-salvajes\\\/\",\"name\":\"La firma detr\u00e1s de 'Tiempos Salvajes' - Blog Cultura y Turismo\",\"isPartOf\":{\"@id\":\"https:\\\/\\\/www.info.valladolid.es\\\/blog\\\/#website\"},\"primaryImageOfPage\":{\"@id\":\"https:\\\/\\\/www.info.valladolid.es\\\/blog\\\/la-firma-detras-de-tiempos-salvajes\\\/#primaryimage\"},\"image\":{\"@id\":\"https:\\\/\\\/www.info.valladolid.es\\\/blog\\\/la-firma-detras-de-tiempos-salvajes\\\/#primaryimage\"},\"thumbnailUrl\":\"http:\\\/\\\/www.info.valladolid.es\\\/blog\\\/wp-content\\\/uploads\\\/2014\\\/03\\\/tiempos-salvajes1-300x219.jpg\",\"datePublished\":\"2014-03-13T17:06:14+00:00\",\"dateModified\":\"2014-03-13T17:06:45+00:00\",\"author\":{\"@id\":\"https:\\\/\\\/www.info.valladolid.es\\\/blog\\\/#\\\/schema\\\/person\\\/845cac97e6156a5a9c5abd68b7b9a5d5\"},\"breadcrumb\":{\"@id\":\"https:\\\/\\\/www.info.valladolid.es\\\/blog\\\/la-firma-detras-de-tiempos-salvajes\\\/#breadcrumb\"},\"inLanguage\":\"es\",\"potentialAction\":[{\"@type\":\"ReadAction\",\"target\":[\"https:\\\/\\\/www.info.valladolid.es\\\/blog\\\/la-firma-detras-de-tiempos-salvajes\\\/\"]}]},{\"@type\":\"ImageObject\",\"inLanguage\":\"es\",\"@id\":\"https:\\\/\\\/www.info.valladolid.es\\\/blog\\\/la-firma-detras-de-tiempos-salvajes\\\/#primaryimage\",\"url\":\"https:\\\/\\\/www.info.valladolid.es\\\/blog\\\/wp-content\\\/uploads\\\/2014\\\/03\\\/tiempos-salvajes1.jpg\",\"contentUrl\":\"https:\\\/\\\/www.info.valladolid.es\\\/blog\\\/wp-content\\\/uploads\\\/2014\\\/03\\\/tiempos-salvajes1.jpg\",\"width\":960,\"height\":703,\"caption\":\"Fotograf\u00eda de Juan Carlos Gonz\u00e1lez\"},{\"@type\":\"BreadcrumbList\",\"@id\":\"https:\\\/\\\/www.info.valladolid.es\\\/blog\\\/la-firma-detras-de-tiempos-salvajes\\\/#breadcrumb\",\"itemListElement\":[{\"@type\":\"ListItem\",\"position\":1,\"name\":\"Home\",\"item\":\"https:\\\/\\\/www.info.valladolid.es\\\/blog\\\/\"},{\"@type\":\"ListItem\",\"position\":2,\"name\":\"La firma detr\u00e1s de &#8216;Tiempos Salvajes&#8217;\"}]},{\"@type\":\"WebSite\",\"@id\":\"https:\\\/\\\/www.info.valladolid.es\\\/blog\\\/#website\",\"url\":\"https:\\\/\\\/www.info.valladolid.es\\\/blog\\\/\",\"name\":\"Blog Cultura y Turismo\",\"description\":\"\",\"potentialAction\":[{\"@type\":\"SearchAction\",\"target\":{\"@type\":\"EntryPoint\",\"urlTemplate\":\"https:\\\/\\\/www.info.valladolid.es\\\/blog\\\/?s={search_term_string}\"},\"query-input\":{\"@type\":\"PropertyValueSpecification\",\"valueRequired\":true,\"valueName\":\"search_term_string\"}}],\"inLanguage\":\"es\"},{\"@type\":\"Person\",\"@id\":\"https:\\\/\\\/www.info.valladolid.es\\\/blog\\\/#\\\/schema\\\/person\\\/845cac97e6156a5a9c5abd68b7b9a5d5\",\"name\":\"administrador\",\"image\":{\"@type\":\"ImageObject\",\"inLanguage\":\"es\",\"@id\":\"https:\\\/\\\/secure.gravatar.com\\\/avatar\\\/418161d2f95196597e2d305bd301c850afab7f4b284a344fb2d759f048b71c61?s=96&d=mm&r=g\",\"url\":\"https:\\\/\\\/secure.gravatar.com\\\/avatar\\\/418161d2f95196597e2d305bd301c850afab7f4b284a344fb2d759f048b71c61?s=96&d=mm&r=g\",\"contentUrl\":\"https:\\\/\\\/secure.gravatar.com\\\/avatar\\\/418161d2f95196597e2d305bd301c850afab7f4b284a344fb2d759f048b71c61?s=96&d=mm&r=g\",\"caption\":\"administrador\"},\"url\":\"https:\\\/\\\/www.info.valladolid.es\\\/blog\\\/author\\\/administrador\\\/\"}]}<\/script>\n<!-- \/ Yoast SEO plugin. -->","yoast_head_json":{"title":"La firma detr\u00e1s de 'Tiempos Salvajes' - Blog Cultura y Turismo","robots":{"index":"index","follow":"follow","max-snippet":"max-snippet:-1","max-image-preview":"max-image-preview:large","max-video-preview":"max-video-preview:-1"},"canonical":"https:\/\/www.info.valladolid.es\/blog\/la-firma-detras-de-tiempos-salvajes\/","og_locale":"es_ES","og_type":"article","og_title":"La firma detr\u00e1s de 'Tiempos Salvajes' - Blog Cultura y Turismo","og_description":"Todas las colecciones de arte tienen un hilo conductor. En el caso de la colecci\u00f3n &#8216;Tiempos salvajes&#8217;, el moldeado tiene como l\u00edneas maestras la uni\u00f3n, el amparo de la expresi\u00f3n personal, y, sobre todo, la defensa de todo tipo de manifestaci\u00f3n art\u00edstica. La historia de &#8216;Tiempos salvajes&#8217;, exposici\u00f3n que acoge el Centro C\u00edvico Rondilla hasta el d\u00eda 15 de marzo, tiene su origen en los primeros d\u00edas del verano de 2013, cuando media docena de pintores comienzan a reunirse, cada semana, con modelos an\u00f3nimos para capturar posados en un ambiente que mezcla tantos tipos de t\u00e9cnicas y estilos como de conversaciones. Con la estaci\u00f3n del calor por excelencia pasan los d\u00edas, los locales que no terminan de cuajar con sus intereses y los artistas que s\u00ed lo hacen. La cafeter\u00eda Esquilache se convierte en su centro de referencia, que cada mi\u00e9rcoles acoge a medio centenar de pintores. Ha nacido el grupo &#8216;Guardar Como&#8217;, un colectivo que decide admitir en su escenario de lienzos y pinceles todo tipo de disciplina art\u00edstica. Consecuentes con su ideal multidisciplinario, comienzan a realizar sesiones po\u00e9ticas de forma mensual: son los llamados &#8216;Per-Versos&#8217;, en los que el p\u00fablico participa en rondas abiertas y asiste a presentaciones [&hellip;]","og_url":"https:\/\/www.info.valladolid.es\/blog\/la-firma-detras-de-tiempos-salvajes\/","og_site_name":"Blog Cultura y Turismo","article_published_time":"2014-03-13T17:06:14+00:00","article_modified_time":"2014-03-13T17:06:45+00:00","og_image":[{"url":"http:\/\/www.info.valladolid.es\/blog\/wp-content\/uploads\/2014\/03\/tiempos-salvajes1-300x219.jpg","type":"","width":"","height":""}],"author":"administrador","twitter_card":"summary_large_image","twitter_misc":{"Escrito por":"administrador","Tiempo de lectura":"3 minutos"},"schema":{"@context":"https:\/\/schema.org","@graph":[{"@type":"Article","@id":"https:\/\/www.info.valladolid.es\/blog\/la-firma-detras-de-tiempos-salvajes\/#article","isPartOf":{"@id":"https:\/\/www.info.valladolid.es\/blog\/la-firma-detras-de-tiempos-salvajes\/"},"author":{"name":"administrador","@id":"https:\/\/www.info.valladolid.es\/blog\/#\/schema\/person\/845cac97e6156a5a9c5abd68b7b9a5d5"},"headline":"La firma detr\u00e1s de &#8216;Tiempos Salvajes&#8217;","datePublished":"2014-03-13T17:06:14+00:00","dateModified":"2014-03-13T17:06:45+00:00","mainEntityOfPage":{"@id":"https:\/\/www.info.valladolid.es\/blog\/la-firma-detras-de-tiempos-salvajes\/"},"wordCount":637,"commentCount":0,"image":{"@id":"https:\/\/www.info.valladolid.es\/blog\/la-firma-detras-de-tiempos-salvajes\/#primaryimage"},"thumbnailUrl":"http:\/\/www.info.valladolid.es\/blog\/wp-content\/uploads\/2014\/03\/tiempos-salvajes1-300x219.jpg","keywords":["Exposiciones"],"articleSection":["Arte y Museos"],"inLanguage":"es","potentialAction":[{"@type":"CommentAction","name":"Comment","target":["https:\/\/www.info.valladolid.es\/blog\/la-firma-detras-de-tiempos-salvajes\/#respond"]}]},{"@type":"WebPage","@id":"https:\/\/www.info.valladolid.es\/blog\/la-firma-detras-de-tiempos-salvajes\/","url":"https:\/\/www.info.valladolid.es\/blog\/la-firma-detras-de-tiempos-salvajes\/","name":"La firma detr\u00e1s de 'Tiempos Salvajes' - Blog Cultura y Turismo","isPartOf":{"@id":"https:\/\/www.info.valladolid.es\/blog\/#website"},"primaryImageOfPage":{"@id":"https:\/\/www.info.valladolid.es\/blog\/la-firma-detras-de-tiempos-salvajes\/#primaryimage"},"image":{"@id":"https:\/\/www.info.valladolid.es\/blog\/la-firma-detras-de-tiempos-salvajes\/#primaryimage"},"thumbnailUrl":"http:\/\/www.info.valladolid.es\/blog\/wp-content\/uploads\/2014\/03\/tiempos-salvajes1-300x219.jpg","datePublished":"2014-03-13T17:06:14+00:00","dateModified":"2014-03-13T17:06:45+00:00","author":{"@id":"https:\/\/www.info.valladolid.es\/blog\/#\/schema\/person\/845cac97e6156a5a9c5abd68b7b9a5d5"},"breadcrumb":{"@id":"https:\/\/www.info.valladolid.es\/blog\/la-firma-detras-de-tiempos-salvajes\/#breadcrumb"},"inLanguage":"es","potentialAction":[{"@type":"ReadAction","target":["https:\/\/www.info.valladolid.es\/blog\/la-firma-detras-de-tiempos-salvajes\/"]}]},{"@type":"ImageObject","inLanguage":"es","@id":"https:\/\/www.info.valladolid.es\/blog\/la-firma-detras-de-tiempos-salvajes\/#primaryimage","url":"https:\/\/www.info.valladolid.es\/blog\/wp-content\/uploads\/2014\/03\/tiempos-salvajes1.jpg","contentUrl":"https:\/\/www.info.valladolid.es\/blog\/wp-content\/uploads\/2014\/03\/tiempos-salvajes1.jpg","width":960,"height":703,"caption":"Fotograf\u00eda de Juan Carlos Gonz\u00e1lez"},{"@type":"BreadcrumbList","@id":"https:\/\/www.info.valladolid.es\/blog\/la-firma-detras-de-tiempos-salvajes\/#breadcrumb","itemListElement":[{"@type":"ListItem","position":1,"name":"Home","item":"https:\/\/www.info.valladolid.es\/blog\/"},{"@type":"ListItem","position":2,"name":"La firma detr\u00e1s de &#8216;Tiempos Salvajes&#8217;"}]},{"@type":"WebSite","@id":"https:\/\/www.info.valladolid.es\/blog\/#website","url":"https:\/\/www.info.valladolid.es\/blog\/","name":"Blog Cultura y Turismo","description":"","potentialAction":[{"@type":"SearchAction","target":{"@type":"EntryPoint","urlTemplate":"https:\/\/www.info.valladolid.es\/blog\/?s={search_term_string}"},"query-input":{"@type":"PropertyValueSpecification","valueRequired":true,"valueName":"search_term_string"}}],"inLanguage":"es"},{"@type":"Person","@id":"https:\/\/www.info.valladolid.es\/blog\/#\/schema\/person\/845cac97e6156a5a9c5abd68b7b9a5d5","name":"administrador","image":{"@type":"ImageObject","inLanguage":"es","@id":"https:\/\/secure.gravatar.com\/avatar\/418161d2f95196597e2d305bd301c850afab7f4b284a344fb2d759f048b71c61?s=96&d=mm&r=g","url":"https:\/\/secure.gravatar.com\/avatar\/418161d2f95196597e2d305bd301c850afab7f4b284a344fb2d759f048b71c61?s=96&d=mm&r=g","contentUrl":"https:\/\/secure.gravatar.com\/avatar\/418161d2f95196597e2d305bd301c850afab7f4b284a344fb2d759f048b71c61?s=96&d=mm&r=g","caption":"administrador"},"url":"https:\/\/www.info.valladolid.es\/blog\/author\/administrador\/"}]}},"_links":{"self":[{"href":"https:\/\/www.info.valladolid.es\/blog\/wp-json\/wp\/v2\/posts\/105","targetHints":{"allow":["GET"]}}],"collection":[{"href":"https:\/\/www.info.valladolid.es\/blog\/wp-json\/wp\/v2\/posts"}],"about":[{"href":"https:\/\/www.info.valladolid.es\/blog\/wp-json\/wp\/v2\/types\/post"}],"author":[{"embeddable":true,"href":"https:\/\/www.info.valladolid.es\/blog\/wp-json\/wp\/v2\/users\/1"}],"replies":[{"embeddable":true,"href":"https:\/\/www.info.valladolid.es\/blog\/wp-json\/wp\/v2\/comments?post=105"}],"version-history":[{"count":5,"href":"https:\/\/www.info.valladolid.es\/blog\/wp-json\/wp\/v2\/posts\/105\/revisions"}],"predecessor-version":[{"id":113,"href":"https:\/\/www.info.valladolid.es\/blog\/wp-json\/wp\/v2\/posts\/105\/revisions\/113"}],"wp:attachment":[{"href":"https:\/\/www.info.valladolid.es\/blog\/wp-json\/wp\/v2\/media?parent=105"}],"wp:term":[{"taxonomy":"category","embeddable":true,"href":"https:\/\/www.info.valladolid.es\/blog\/wp-json\/wp\/v2\/categories?post=105"},{"taxonomy":"post_tag","embeddable":true,"href":"https:\/\/www.info.valladolid.es\/blog\/wp-json\/wp\/v2\/tags?post=105"}],"curies":[{"name":"wp","href":"https:\/\/api.w.org\/{rel}","templated":true}]}}